{"id":146,"date":"2012-12-10T19:24:18","date_gmt":"2012-12-10T18:24:18","guid":{"rendered":"http:\/\/www.bommelim.nl\/management\/?p=146"},"modified":"2013-08-29T09:36:43","modified_gmt":"2013-08-29T08:36:43","slug":"noordzuidlijn-journaal-terugblik","status":"publish","type":"post","link":"http:\/\/www.bommelim.nl\/management\/noordzuidlijn-journaal-terugblik\/","title":{"rendered":"Noord\/Zuidlijn journaal, terugblik"},"content":{"rendered":"<p>Noord\/Zuidlijn journaal, terugblik. Uitgezonden in december 2012 (AT5).<\/p>\n<p>Bij de start van het boren in 2010 is een aantal Noord\/Zuidlijn journaals gemaakt. Nu het boren bijna klaar is, kijken we met Richard Koenders, Paul Janssen en Peter Smits nog \u00e9\u00e9n keer terug terug \u00e9n wat er nog komen gaat in drie nieuwe delen van het Noord\/Zuidlijn Journaal.<\/p>\n<p>Richard neemt ons in de eerste aflevering mee naar de Amsterdamse wijk De Pijp. Hij is het aanspreekpunt voor de bouw van de Noord\/Zuidlijn in deze buurt. De boormachines Molly en Victoria hebben hun tunnels onder De Pijp al geruime tijd voltooid, maar in station De Pijp moet er nog veel gebeuren. En wat is die Arc de Triomphe boven de Ferdinand Bolstraat? Waarvoor staat er een witte hal op het Marie Heinekenplein? Richard vertelt het u graag in het Noord\/Zuidlijn Journaal.<\/p>\n<p><iframe loading=\"lazy\" src=\"\/\/www.youtube.com\/embed\/VRSFguxJLLI\" height=\"540\" width=\"960\" allowfullscreen=\"\" frameborder=\"0\"><\/iframe><\/p>\n","protected":false},"excerpt":{"rendered":"<p>Noord\/Zuidlijn journaal, terugblik. Uitgezonden in december 2012 (AT5). Bij de start van het boren in 2010 is een aantal Noord\/Zuidlijn journaals gemaakt. Nu het boren bijna klaar is, kijken we met Richard Koenders, Paul Janssen en Peter Smits nog \u00e9\u00e9n keer terug terug \u00e9n wat er nog komen gaat in drie nieuwe delen van het [&hellip;]<\/p>\n","protected":false},"author":6,"featured_media":128,"comment_status":"open","ping_status":"open","sticky":false,"template":"","format":"standard","meta":[],"categories":[3],"tags":[8,6,5,7],"yoast_head":"<!-- This site is optimized with the Yoast SEO plugin v20.1 - https:\/\/yoast.com\/wordpress\/plugins\/seo\/ -->\n<title>Noord\/Zuidlijn journaal, terugblik - Bommel Interim Management<\/title>\n<meta name=\"robots\" content=\"index, follow, max-snippet:-1, max-image-preview:large, max-video-preview:-1\" \/>\n<link rel=\"canonical\" href=\"http:\/\/www.bommelim.nl\/management\/noordzuidlijn-journaal-terugblik\/\" \/>\n<meta property=\"og:locale\" content=\"nl_NL\" \/>\n<meta property=\"og:type\" content=\"article\" \/>\n<meta property=\"og:title\" content=\"Noord\/Zuidlijn journaal, terugblik - Bommel Interim Management\" \/>\n<meta property=\"og:description\" content=\"Noord\/Zuidlijn journaal, terugblik. Uitgezonden in december 2012 (AT5). Bij de start van het boren in 2010 is een aantal Noord\/Zuidlijn journaals gemaakt. Nu het boren bijna klaar is, kijken we met Richard Koenders, Paul Janssen en Peter Smits nog \u00e9\u00e9n keer terug terug \u00e9n wat er nog komen gaat in drie nieuwe delen van het [&hellip;]\" \/>\n<meta property=\"og:url\" content=\"http:\/\/www.bommelim.nl\/management\/noordzuidlijn-journaal-terugblik\/\" \/>\n<meta property=\"og:site_name\" content=\"Bommel Interim Management\" \/>\n<meta property=\"article:published_time\" content=\"2012-12-10T18:24:18+00:00\" \/>\n<meta property=\"article:modified_time\" content=\"2013-08-29T08:36:43+00:00\" \/>\n<meta property=\"og:image\" content=\"http:\/\/www.bommelim.nl\/management\/wp-content\/uploads\/sites\/3\/2013\/08\/NZL-journaal.jpg\" \/>\n\t<meta property=\"og:image:width\" content=\"150\" \/>\n\t<meta property=\"og:image:height\" content=\"107\" \/>\n\t<meta property=\"og:image:type\" content=\"image\/jpeg\" \/>\n<meta name=\"author\" content=\"nienkoen\" \/>\n<meta name=\"twitter:label1\" content=\"Geschreven door\" \/>\n\t<meta name=\"twitter:data1\" content=\"nienkoen\" \/>\n\t<meta name=\"twitter:label2\" content=\"Geschatte leestijd\" \/>\n\t<meta name=\"twitter:data2\" content=\"1 minuut\" \/>\n<script type=\"application\/ld+json\" class=\"yoast-schema-graph\">{\"@context\":\"https:\/\/schema.org\",\"@graph\":[{\"@type\":\"WebPage\",\"@id\":\"http:\/\/www.bommelim.nl\/management\/noordzuidlijn-journaal-terugblik\/\",\"url\":\"http:\/\/www.bommelim.nl\/management\/noordzuidlijn-journaal-terugblik\/\",\"name\":\"Noord\/Zuidlijn journaal, terugblik - Bommel Interim Management\",\"isPartOf\":{\"@id\":\"http:\/\/www.bommelim.nl\/management\/#website\"},\"datePublished\":\"2012-12-10T18:24:18+00:00\",\"dateModified\":\"2013-08-29T08:36:43+00:00\",\"author\":{\"@id\":\"http:\/\/www.bommelim.nl\/management\/#\/schema\/person\/cf7932145dad9817d9366e0b91200a94\"},\"breadcrumb\":{\"@id\":\"http:\/\/www.bommelim.nl\/management\/noordzuidlijn-journaal-terugblik\/#breadcrumb\"},\"inLanguage\":\"nl\",\"potentialAction\":[{\"@type\":\"ReadAction\",\"target\":[\"http:\/\/www.bommelim.nl\/management\/noordzuidlijn-journaal-terugblik\/\"]}]},{\"@type\":\"BreadcrumbList\",\"@id\":\"http:\/\/www.bommelim.nl\/management\/noordzuidlijn-journaal-terugblik\/#breadcrumb\",\"itemListElement\":[{\"@type\":\"ListItem\",\"position\":1,\"name\":\"Home\",\"item\":\"http:\/\/www.bommelim.nl\/management\/\"},{\"@type\":\"ListItem\",\"position\":2,\"name\":\"Noord\/Zuidlijn journaal, terugblik\"}]},{\"@type\":\"WebSite\",\"@id\":\"http:\/\/www.bommelim.nl\/management\/#website\",\"url\":\"http:\/\/www.bommelim.nl\/management\/\",\"name\":\"Bommel Interim Management\",\"description\":\"(financi\u00eble) interim diensten\",\"potentialAction\":[{\"@type\":\"SearchAction\",\"target\":{\"@type\":\"EntryPoint\",\"urlTemplate\":\"http:\/\/www.bommelim.nl\/management\/?s={search_term_string}\"},\"query-input\":\"required name=search_term_string\"}],\"inLanguage\":\"nl\"},{\"@type\":\"Person\",\"@id\":\"http:\/\/www.bommelim.nl\/management\/#\/schema\/person\/cf7932145dad9817d9366e0b91200a94\",\"name\":\"nienkoen\",\"image\":{\"@type\":\"ImageObject\",\"inLanguage\":\"nl\",\"@id\":\"http:\/\/www.bommelim.nl\/management\/#\/schema\/person\/image\/\",\"url\":\"http:\/\/2.gravatar.com\/avatar\/8e27f806c4086f813011d5d0b230063f?s=96&d=mm&r=g\",\"contentUrl\":\"http:\/\/2.gravatar.com\/avatar\/8e27f806c4086f813011d5d0b230063f?s=96&d=mm&r=g\",\"caption\":\"nienkoen\"},\"url\":\"http:\/\/www.bommelim.nl\/management\/author\/nienkoen\/\"}]}<\/script>\n<!-- \/ Yoast SEO plugin. -->","yoast_head_json":{"title":"Noord\/Zuidlijn journaal, terugblik - Bommel Interim Management","robots":{"index":"index","follow":"follow","max-snippet":"max-snippet:-1","max-image-preview":"max-image-preview:large","max-video-preview":"max-video-preview:-1"},"canonical":"http:\/\/www.bommelim.nl\/management\/noordzuidlijn-journaal-terugblik\/","og_locale":"nl_NL","og_type":"article","og_title":"Noord\/Zuidlijn journaal, terugblik - Bommel Interim Management","og_description":"Noord\/Zuidlijn journaal, terugblik. Uitgezonden in december 2012 (AT5). Bij de start van het boren in 2010 is een aantal Noord\/Zuidlijn journaals gemaakt. Nu het boren bijna klaar is, kijken we met Richard Koenders, Paul Janssen en Peter Smits nog \u00e9\u00e9n keer terug terug \u00e9n wat er nog komen gaat in drie nieuwe delen van het [&hellip;]","og_url":"http:\/\/www.bommelim.nl\/management\/noordzuidlijn-journaal-terugblik\/","og_site_name":"Bommel Interim Management","article_published_time":"2012-12-10T18:24:18+00:00","article_modified_time":"2013-08-29T08:36:43+00:00","og_image":[{"width":150,"height":107,"url":"http:\/\/www.bommelim.nl\/management\/wp-content\/uploads\/sites\/3\/2013\/08\/NZL-journaal.jpg","type":"image\/jpeg"}],"author":"nienkoen","twitter_misc":{"Geschreven door":"nienkoen","Geschatte leestijd":"1 minuut"},"schema":{"@context":"https:\/\/schema.org","@graph":[{"@type":"WebPage","@id":"http:\/\/www.bommelim.nl\/management\/noordzuidlijn-journaal-terugblik\/","url":"http:\/\/www.bommelim.nl\/management\/noordzuidlijn-journaal-terugblik\/","name":"Noord\/Zuidlijn journaal, terugblik - Bommel Interim Management","isPartOf":{"@id":"http:\/\/www.bommelim.nl\/management\/#website"},"datePublished":"2012-12-10T18:24:18+00:00","dateModified":"2013-08-29T08:36:43+00:00","author":{"@id":"http:\/\/www.bommelim.nl\/management\/#\/schema\/person\/cf7932145dad9817d9366e0b91200a94"},"breadcrumb":{"@id":"http:\/\/www.bommelim.nl\/management\/noordzuidlijn-journaal-terugblik\/#breadcrumb"},"inLanguage":"nl","potentialAction":[{"@type":"ReadAction","target":["http:\/\/www.bommelim.nl\/management\/noordzuidlijn-journaal-terugblik\/"]}]},{"@type":"BreadcrumbList","@id":"http:\/\/www.bommelim.nl\/management\/noordzuidlijn-journaal-terugblik\/#breadcrumb","itemListElement":[{"@type":"ListItem","position":1,"name":"Home","item":"http:\/\/www.bommelim.nl\/management\/"},{"@type":"ListItem","position":2,"name":"Noord\/Zuidlijn journaal, terugblik"}]},{"@type":"WebSite","@id":"http:\/\/www.bommelim.nl\/management\/#website","url":"http:\/\/www.bommelim.nl\/management\/","name":"Bommel Interim Management","description":"(financi\u00eble) interim diensten","potentialAction":[{"@type":"SearchAction","target":{"@type":"EntryPoint","urlTemplate":"http:\/\/www.bommelim.nl\/management\/?s={search_term_string}"},"query-input":"required name=search_term_string"}],"inLanguage":"nl"},{"@type":"Person","@id":"http:\/\/www.bommelim.nl\/management\/#\/schema\/person\/cf7932145dad9817d9366e0b91200a94","name":"nienkoen","image":{"@type":"ImageObject","inLanguage":"nl","@id":"http:\/\/www.bommelim.nl\/management\/#\/schema\/person\/image\/","url":"http:\/\/2.gravatar.com\/avatar\/8e27f806c4086f813011d5d0b230063f?s=96&d=mm&r=g","contentUrl":"http:\/\/2.gravatar.com\/avatar\/8e27f806c4086f813011d5d0b230063f?s=96&d=mm&r=g","caption":"nienkoen"},"url":"http:\/\/www.bommelim.nl\/management\/author\/nienkoen\/"}]}},"_links":{"self":[{"href":"http:\/\/www.bommelim.nl\/management\/wp-json\/wp\/v2\/posts\/146"}],"collection":[{"href":"http:\/\/www.bommelim.nl\/management\/wp-json\/wp\/v2\/posts"}],"about":[{"href":"http:\/\/www.bommelim.nl\/management\/wp-json\/wp\/v2\/types\/post"}],"author":[{"embeddable":true,"href":"http:\/\/www.bommelim.nl\/management\/wp-json\/wp\/v2\/users\/6"}],"replies":[{"embeddable":true,"href":"http:\/\/www.bommelim.nl\/management\/wp-json\/wp\/v2\/comments?post=146"}],"version-history":[{"count":3,"href":"http:\/\/www.bommelim.nl\/management\/wp-json\/wp\/v2\/posts\/146\/revisions"}],"predecessor-version":[{"id":187,"href":"http:\/\/www.bommelim.nl\/management\/wp-json\/wp\/v2\/posts\/146\/revisions\/187"}],"wp:featuredmedia":[{"embeddable":true,"href":"http:\/\/www.bommelim.nl\/management\/wp-json\/wp\/v2\/media\/128"}],"wp:attachment":[{"href":"http:\/\/www.bommelim.nl\/management\/wp-json\/wp\/v2\/media?parent=146"}],"wp:term":[{"taxonomy":"category","embeddable":true,"href":"http:\/\/www.bommelim.nl\/management\/wp-json\/wp\/v2\/categories?post=146"},{"taxonomy":"post_tag","embeddable":true,"href":"http:\/\/www.bommelim.nl\/management\/wp-json\/wp\/v2\/tags?post=146"}],"curies":[{"name":"wp","href":"https:\/\/api.w.org\/{rel}","templated":true}]}}